{
    "id": 11680,
    "date": "2025-08-12T10:52:38",
    "date_gmt": "2025-08-12T07:52:38",
    "guid": {
        "rendered": "https:\/\/visitoulu.fi\/?p=11680"
    },
    "modified": "2025-08-12T10:52:39",
    "modified_gmt": "2025-08-12T07:52:39",
    "slug": "oulu-on-kulttuuria-kaikilla-aisteilla",
    "status": "publish",
    "type": "post",
    "link": "https:\/\/visitoulufi-2025-10-14_10_27_17.test.cchosting.fi\/fi\/oulu-on-kulttuuria-kaikilla-aisteilla\/",
    "title": {
        "rendered": "Oulu on kulttuuria kaikilla aisteilla"
    },
    "content": {
        "rendered": "<p>T\u00e4\u00e4ll\u00e4 historiaa ei vain katsota vitriinist\u00e4 \u2013 se koetaan mets\u00e4poluilla, kivikautisissa kyliss\u00e4 ja museokortteleissa. Kaupungin rytmi sykkii taiteessa, musiikissa ja tapahtumissa, jotka tuovat yhteen perinteet ja nykyp\u00e4iv\u00e4n.<\/p>\n\n\n\n<p>Olitpa matkalla perheen, yst\u00e4vien tai oman inspiraation mukana, Oulu tarjoaa kulttuuriel\u00e4myksi\u00e4, jotka yll\u00e4tt\u00e4v\u00e4t, koskettavat ja j\u00e4\u00e4v\u00e4t mieleen.<\/p>\n\n\n\n<p><\/p>",
        "protected": false
    },
    "excerpt": {
        "rendered": "<p>T\u00e4\u00e4ll\u00e4 historiaa ei vain katsota vitriinist\u00e4 \u2013 se koetaan mets\u00e4poluilla, kivikautisissa kyliss\u00e4 ja museokortteleissa. Kaupungin rytmi sykkii taiteessa, musiikissa ja tapahtumissa, jotka tuovat yhteen perinteet ja nykyp\u00e4iv\u00e4n. Olitpa matkalla perheen, yst\u00e4vien tai oman inspiraation mukana, Oulu tarjoaa kulttuuriel\u00e4myksi\u00e4, jotka yll\u00e4tt\u00e4v\u00e4t, koskettavat ja j\u00e4\u00e4v\u00e4t mieleen. [&#8230;]<\/p>\n<p><a class=\"btn btn-secondary understrap-read-more-link\" href=\"https:\/\/visitoulufi-2025-10-14_10_27_17.test.cchosting.fi\/fi\/oulu-on-kulttuuria-kaikilla-aisteilla\/\">Lue lis\u00e4\u00e4&#8230;<span class=\"screen-reader-text\"> from Oulu on kulttuuria kaikilla aisteilla<\/span><\/a><\/p>",
        "protected": false
    },
    "author": 34,
    "featured_media": 11683,
    "comment_status": "closed",
    "ping_status": "open",
    "sticky": false,
    "template": "",
    "format": "standard",
    "meta": {
        "_acf_changed": false,
        "content-type": "",
        "footnotes": ""
    },
    "categories": [
        113,
        111
    ],
    "tags": [],
    "coauthors": [
        199
    ],
    "class_list": [
        "post-11680",
        "post",
        "type-post",
        "status-publish",
        "format-standard",
        "has-post-thumbnail",
        "hentry",
        "category-kulttuuri",
        "category-naekoe"
    ],
    "acf": [],
    "yoast_head": "<!-- This site is optimized with the Yoast SEO plugin v26.0 - https:\/\/yoast.com\/wordpress\/plugins\/seo\/ -->\n<title>Oulu on kulttuuria kaikilla aisteilla - Visit Oulu<\/title>\n<meta name=\"description\" content=\"Olitpa matkalla perheen, yst\u00e4vien tai oman inspiraation mukana, Oulu tarjoaa kulttuuriel\u00e4myksi\u00e4, jotka yll\u00e4tt\u00e4v\u00e4t ja j\u00e4\u00e4v\u00e4t mieleen.\" \/>\n<meta name=\"robots\" content=\"index, follow, max-snippet:-1, max-image-preview:large, max-video-preview:-1\" \/>\n<link rel=\"canonical\" href=\"https:\/\/visitoulufi-2025-10-14_10_27_17.test.cchosting.fi\/fi\/oulu-on-kulttuuria-kaikilla-aisteilla\/\" \/>\n<meta property=\"og:locale\" content=\"fi_FI\" \/>\n<meta property=\"og:type\" content=\"article\" \/>\n<meta property=\"og:title\" content=\"Oulu on kulttuuria kaikilla aisteilla - Visit Oulu\" \/>\n<meta property=\"og:description\" content=\"Olitpa matkalla perheen, yst\u00e4vien tai oman inspiraation mukana, Oulu tarjoaa kulttuuriel\u00e4myksi\u00e4, jotka yll\u00e4tt\u00e4v\u00e4t ja j\u00e4\u00e4v\u00e4t mieleen.\" \/>\n<meta property=\"og:url\" content=\"https:\/\/visitoulufi-2025-10-14_10_27_17.test.cchosting.fi\/fi\/oulu-on-kulttuuria-kaikilla-aisteilla\/\" \/>\n<meta property=\"og:site_name\" content=\"Visit Oulu\" \/>\n<meta property=\"article:published_time\" content=\"2025-08-12T07:52:38+00:00\" \/>\n<meta property=\"article:modified_time\" content=\"2025-08-12T07:52:39+00:00\" \/>\n<meta property=\"og:image\" content=\"https:\/\/visitoulufi-2025-10-14_10_27_17.test.cchosting.fi\/wp-content\/uploads\/2025\/08\/X8A9896-scaled.jpg\" \/>\n\t<meta property=\"og:image:width\" content=\"2560\" \/>\n\t<meta property=\"og:image:height\" content=\"1737\" \/>\n\t<meta property=\"og:image:type\" content=\"image\/jpeg\" \/>\n<meta name=\"author\" content=\"Jenni Annala\" \/>\n<meta name=\"twitter:card\" content=\"summary_large_image\" \/>\n<meta name=\"twitter:label1\" content=\"Kirjoittanut\" \/>\n\t<meta name=\"twitter:data1\" content=\"Jenni Annala\" \/>\n\t<meta name=\"twitter:label2\" content=\"Arvioitu lukuaika\" \/>\n\t<meta name=\"twitter:data2\" content=\"4 minuuttia\" \/>\n\t<meta name=\"twitter:label3\" content=\"Written by\" \/>\n\t<meta name=\"twitter:data3\" content=\"Jenni Annala\" \/>\n<script type=\"application\/ld+json\" class=\"yoast-schema-graph\">{\"@context\":\"https:\/\/schema.org\",\"@graph\":[{\"@type\":\"WebPage\",\"@id\":\"https:\/\/visitoulufi-2025-10-14_10_27_17.test.cchosting.fi\/oulu-on-kulttuuria-kaikilla-aisteilla\/\",\"url\":\"https:\/\/visitoulufi-2025-10-14_10_27_17.test.cchosting.fi\/oulu-on-kulttuuria-kaikilla-aisteilla\/\",\"name\":\"Oulu on kulttuuria kaikilla aisteilla - Visit Oulu\",\"isPartOf\":{\"@id\":\"https:\/\/visitoulufi-2025-10-14_10_27_17.test.cchosting.fi\/#website\"},\"primaryImageOfPage\":{\"@id\":\"https:\/\/visitoulufi-2025-10-14_10_27_17.test.cchosting.fi\/oulu-on-kulttuuria-kaikilla-aisteilla\/#primaryimage\"},\"image\":{\"@id\":\"https:\/\/visitoulufi-2025-10-14_10_27_17.test.cchosting.fi\/oulu-on-kulttuuria-kaikilla-aisteilla\/#primaryimage\"},\"thumbnailUrl\":\"https:\/\/visitoulufi-2025-10-14_10_27_17.test.cchosting.fi\/wp-content\/uploads\/2025\/08\/X8A9896-scaled.jpg\",\"datePublished\":\"2025-08-12T07:52:38+00:00\",\"dateModified\":\"2025-08-12T07:52:39+00:00\",\"author\":{\"@id\":\"https:\/\/visitoulufi-2025-10-14_10_27_17.test.cchosting.fi\/#\/schema\/person\/5ff4418531e33aa7eae74913d581e6b4\"},\"description\":\"Olitpa matkalla perheen, yst\u00e4vien tai oman inspiraation mukana, Oulu tarjoaa kulttuuriel\u00e4myksi\u00e4, jotka yll\u00e4tt\u00e4v\u00e4t ja j\u00e4\u00e4v\u00e4t mieleen.\",\"breadcrumb\":{\"@id\":\"https:\/\/visitoulufi-2025-10-14_10_27_17.test.cchosting.fi\/oulu-on-kulttuuria-kaikilla-aisteilla\/#breadcrumb\"},\"inLanguage\":\"fi\",\"potentialAction\":[{\"@type\":\"ReadAction\",\"target\":[\"https:\/\/visitoulufi-2025-10-14_10_27_17.test.cchosting.fi\/oulu-on-kulttuuria-kaikilla-aisteilla\/\"]}]},{\"@type\":\"ImageObject\",\"inLanguage\":\"fi\",\"@id\":\"https:\/\/visitoulufi-2025-10-14_10_27_17.test.cchosting.fi\/oulu-on-kulttuuria-kaikilla-aisteilla\/#primaryimage\",\"url\":\"https:\/\/visitoulufi-2025-10-14_10_27_17.test.cchosting.fi\/wp-content\/uploads\/2025\/08\/X8A9896-scaled.jpg\",\"contentUrl\":\"https:\/\/visitoulufi-2025-10-14_10_27_17.test.cchosting.fi\/wp-content\/uploads\/2025\/08\/X8A9896-scaled.jpg\",\"width\":2560,\"height\":1737,\"caption\":\"Merimiehenkotimuseo\"},{\"@type\":\"BreadcrumbList\",\"@id\":\"https:\/\/visitoulufi-2025-10-14_10_27_17.test.cchosting.fi\/oulu-on-kulttuuria-kaikilla-aisteilla\/#breadcrumb\",\"itemListElement\":[{\"@type\":\"ListItem\",\"position\":1,\"name\":\"Etusivu\",\"item\":\"https:\/\/visitoulufi-2025-10-14_10_27_17.test.cchosting.fi\/\"},{\"@type\":\"ListItem\",\"position\":2,\"name\":\"Oulu on kulttuuria kaikilla aisteilla\"}]},{\"@type\":\"WebSite\",\"@id\":\"https:\/\/visitoulufi-2025-10-14_10_27_17.test.cchosting.fi\/#website\",\"url\":\"https:\/\/visitoulufi-2025-10-14_10_27_17.test.cchosting.fi\/\",\"name\":\"Visit Oulu\",\"description\":\"\",\"potentialAction\":[{\"@type\":\"SearchAction\",\"target\":{\"@type\":\"EntryPoint\",\"urlTemplate\":\"https:\/\/visitoulufi-2025-10-14_10_27_17.test.cchosting.fi\/?s={search_term_string}\"},\"query-input\":{\"@type\":\"PropertyValueSpecification\",\"valueRequired\":true,\"valueName\":\"search_term_string\"}}],\"inLanguage\":\"fi\"},{\"@type\":\"Person\",\"@id\":\"https:\/\/visitoulufi-2025-10-14_10_27_17.test.cchosting.fi\/#\/schema\/person\/5ff4418531e33aa7eae74913d581e6b4\",\"name\":\"Jenni Annala\",\"image\":{\"@type\":\"ImageObject\",\"inLanguage\":\"fi\",\"@id\":\"https:\/\/visitoulufi-2025-10-14_10_27_17.test.cchosting.fi\/#\/schema\/person\/image\/496b2ed27d830ec9f61ed18a1f0a8692\",\"url\":\"https:\/\/secure.gravatar.com\/avatar\/84f353d9ed75fe47a7594465f182fea28ead368d9b2cac742dd0b760b81d747c?s=96&d=mm&r=g\",\"contentUrl\":\"https:\/\/secure.gravatar.com\/avatar\/84f353d9ed75fe47a7594465f182fea28ead368d9b2cac742dd0b760b81d747c?s=96&d=mm&r=g\",\"caption\":\"Jenni Annala\"},\"url\":\"https:\/\/visitoulufi-2025-10-14_10_27_17.test.cchosting.fi\/fi\/author\/jennivisitoulu-fi\/\"}]}<\/script>\n<!-- \/ Yoast SEO plugin. -->",
    "yoast_head_json": {
        "title": "Oulu on kulttuuria kaikilla aisteilla - Visit Oulu",
        "description": "Olitpa matkalla perheen, yst\u00e4vien tai oman inspiraation mukana, Oulu tarjoaa kulttuuriel\u00e4myksi\u00e4, jotka yll\u00e4tt\u00e4v\u00e4t ja j\u00e4\u00e4v\u00e4t mieleen.",
        "robots": {
            "index": "index",
            "follow": "follow",
            "max-snippet": "max-snippet:-1",
            "max-image-preview": "max-image-preview:large",
            "max-video-preview": "max-video-preview:-1"
        },
        "canonical": "https:\/\/visitoulufi-2025-10-14_10_27_17.test.cchosting.fi\/fi\/oulu-on-kulttuuria-kaikilla-aisteilla\/",
        "og_locale": "fi_FI",
        "og_type": "article",
        "og_title": "Oulu on kulttuuria kaikilla aisteilla - Visit Oulu",
        "og_description": "Olitpa matkalla perheen, yst\u00e4vien tai oman inspiraation mukana, Oulu tarjoaa kulttuuriel\u00e4myksi\u00e4, jotka yll\u00e4tt\u00e4v\u00e4t ja j\u00e4\u00e4v\u00e4t mieleen.",
        "og_url": "https:\/\/visitoulufi-2025-10-14_10_27_17.test.cchosting.fi\/fi\/oulu-on-kulttuuria-kaikilla-aisteilla\/",
        "og_site_name": "Visit Oulu",
        "article_published_time": "2025-08-12T07:52:38+00:00",
        "article_modified_time": "2025-08-12T07:52:39+00:00",
        "og_image": [
            {
                "width": 2560,
                "height": 1737,
                "url": "https:\/\/visitoulufi-2025-10-14_10_27_17.test.cchosting.fi\/wp-content\/uploads\/2025\/08\/X8A9896-scaled.jpg",
                "type": "image\/jpeg"
            }
        ],
        "author": "Jenni Annala",
        "twitter_card": "summary_large_image",
        "twitter_misc": {
            "Kirjoittanut": "Jenni Annala",
            "Arvioitu lukuaika": "4 minuuttia",
            "Written by": "Jenni Annala"
        },
        "schema": {
            "@context": "https:\/\/schema.org",
            "@graph": [
                {
                    "@type": "WebPage",
                    "@id": "https:\/\/visitoulufi-2025-10-14_10_27_17.test.cchosting.fi\/oulu-on-kulttuuria-kaikilla-aisteilla\/",
                    "url": "https:\/\/visitoulufi-2025-10-14_10_27_17.test.cchosting.fi\/oulu-on-kulttuuria-kaikilla-aisteilla\/",
                    "name": "Oulu on kulttuuria kaikilla aisteilla - Visit Oulu",
                    "isPartOf": {
                        "@id": "https:\/\/visitoulufi-2025-10-14_10_27_17.test.cchosting.fi\/#website"
                    },
                    "primaryImageOfPage": {
                        "@id": "https:\/\/visitoulufi-2025-10-14_10_27_17.test.cchosting.fi\/oulu-on-kulttuuria-kaikilla-aisteilla\/#primaryimage"
                    },
                    "image": {
                        "@id": "https:\/\/visitoulufi-2025-10-14_10_27_17.test.cchosting.fi\/oulu-on-kulttuuria-kaikilla-aisteilla\/#primaryimage"
                    },
                    "thumbnailUrl": "https:\/\/visitoulufi-2025-10-14_10_27_17.test.cchosting.fi\/wp-content\/uploads\/2025\/08\/X8A9896-scaled.jpg",
                    "datePublished": "2025-08-12T07:52:38+00:00",
                    "dateModified": "2025-08-12T07:52:39+00:00",
                    "author": {
                        "@id": "https:\/\/visitoulufi-2025-10-14_10_27_17.test.cchosting.fi\/#\/schema\/person\/5ff4418531e33aa7eae74913d581e6b4"
                    },
                    "description": "Olitpa matkalla perheen, yst\u00e4vien tai oman inspiraation mukana, Oulu tarjoaa kulttuuriel\u00e4myksi\u00e4, jotka yll\u00e4tt\u00e4v\u00e4t ja j\u00e4\u00e4v\u00e4t mieleen.",
                    "breadcrumb": {
                        "@id": "https:\/\/visitoulufi-2025-10-14_10_27_17.test.cchosting.fi\/oulu-on-kulttuuria-kaikilla-aisteilla\/#breadcrumb"
                    },
                    "inLanguage": "fi",
                    "potentialAction": [
                        {
                            "@type": "ReadAction",
                            "target": [
                                "https:\/\/visitoulufi-2025-10-14_10_27_17.test.cchosting.fi\/oulu-on-kulttuuria-kaikilla-aisteilla\/"
                            ]
                        }
                    ]
                },
                {
                    "@type": "ImageObject",
                    "inLanguage": "fi",
                    "@id": "https:\/\/visitoulufi-2025-10-14_10_27_17.test.cchosting.fi\/oulu-on-kulttuuria-kaikilla-aisteilla\/#primaryimage",
                    "url": "https:\/\/visitoulufi-2025-10-14_10_27_17.test.cchosting.fi\/wp-content\/uploads\/2025\/08\/X8A9896-scaled.jpg",
                    "contentUrl": "https:\/\/visitoulufi-2025-10-14_10_27_17.test.cchosting.fi\/wp-content\/uploads\/2025\/08\/X8A9896-scaled.jpg",
                    "width": 2560,
                    "height": 1737,
                    "caption": "Merimiehenkotimuseo"
                },
                {
                    "@type": "BreadcrumbList",
                    "@id": "https:\/\/visitoulufi-2025-10-14_10_27_17.test.cchosting.fi\/oulu-on-kulttuuria-kaikilla-aisteilla\/#breadcrumb",
                    "itemListElement": [
                        {
                            "@type": "ListItem",
                            "position": 1,
                            "name": "Etusivu",
                            "item": "https:\/\/visitoulufi-2025-10-14_10_27_17.test.cchosting.fi\/"
                        },
                        {
                            "@type": "ListItem",
                            "position": 2,
                            "name": "Oulu on kulttuuria kaikilla aisteilla"
                        }
                    ]
                },
                {
                    "@type": "WebSite",
                    "@id": "https:\/\/visitoulufi-2025-10-14_10_27_17.test.cchosting.fi\/#website",
                    "url": "https:\/\/visitoulufi-2025-10-14_10_27_17.test.cchosting.fi\/",
                    "name": "Visit Oulu",
                    "description": "",
                    "potentialAction": [
                        {
                            "@type": "SearchAction",
                            "target": {
                                "@type": "EntryPoint",
                                "urlTemplate": "https:\/\/visitoulufi-2025-10-14_10_27_17.test.cchosting.fi\/?s={search_term_string}"
                            },
                            "query-input": {
                                "@type": "PropertyValueSpecification",
                                "valueRequired": true,
                                "valueName": "search_term_string"
                            }
                        }
                    ],
                    "inLanguage": "fi"
                },
                {
                    "@type": "Person",
                    "@id": "https:\/\/visitoulufi-2025-10-14_10_27_17.test.cchosting.fi\/#\/schema\/person\/5ff4418531e33aa7eae74913d581e6b4",
                    "name": "Jenni Annala",
                    "image": {
                        "@type": "ImageObject",
                        "inLanguage": "fi",
                        "@id": "https:\/\/visitoulufi-2025-10-14_10_27_17.test.cchosting.fi\/#\/schema\/person\/image\/496b2ed27d830ec9f61ed18a1f0a8692",
                        "url": "https:\/\/secure.gravatar.com\/avatar\/84f353d9ed75fe47a7594465f182fea28ead368d9b2cac742dd0b760b81d747c?s=96&d=mm&r=g",
                        "contentUrl": "https:\/\/secure.gravatar.com\/avatar\/84f353d9ed75fe47a7594465f182fea28ead368d9b2cac742dd0b760b81d747c?s=96&d=mm&r=g",
                        "caption": "Jenni Annala"
                    },
                    "url": "https:\/\/visitoulufi-2025-10-14_10_27_17.test.cchosting.fi\/fi\/author\/jennivisitoulu-fi\/"
                }
            ]
        }
    },
    "_links": {
        "self": [
            {
                "href": "https:\/\/visitoulufi-2025-10-14_10_27_17.test.cchosting.fi\/fi\/wp-json\/wp\/v2\/posts\/11680",
                "targetHints": {
                    "allow": [
                        "GET"
                    ]
                }
            }
        ],
        "collection": [
            {
                "href": "https:\/\/visitoulufi-2025-10-14_10_27_17.test.cchosting.fi\/fi\/wp-json\/wp\/v2\/posts"
            }
        ],
        "about": [
            {
                "href": "https:\/\/visitoulufi-2025-10-14_10_27_17.test.cchosting.fi\/fi\/wp-json\/wp\/v2\/types\/post"
            }
        ],
        "author": [
            {
                "embeddable": true,
                "href": "https:\/\/visitoulufi-2025-10-14_10_27_17.test.cchosting.fi\/fi\/wp-json\/wp\/v2\/users\/34"
            }
        ],
        "replies": [
            {
                "embeddable": true,
                "href": "https:\/\/visitoulufi-2025-10-14_10_27_17.test.cchosting.fi\/fi\/wp-json\/wp\/v2\/comments?post=11680"
            }
        ],
        "version-history": [
            {
                "count": 17,
                "href": "https:\/\/visitoulufi-2025-10-14_10_27_17.test.cchosting.fi\/fi\/wp-json\/wp\/v2\/posts\/11680\/revisions"
            }
        ],
        "predecessor-version": [
            {
                "id": 11755,
                "href": "https:\/\/visitoulufi-2025-10-14_10_27_17.test.cchosting.fi\/fi\/wp-json\/wp\/v2\/posts\/11680\/revisions\/11755"
            }
        ],
        "wp:featuredmedia": [
            {
                "embeddable": true,
                "href": "https:\/\/visitoulufi-2025-10-14_10_27_17.test.cchosting.fi\/fi\/wp-json\/wp\/v2\/media\/11683"
            }
        ],
        "wp:attachment": [
            {
                "href": "https:\/\/visitoulufi-2025-10-14_10_27_17.test.cchosting.fi\/fi\/wp-json\/wp\/v2\/media?parent=11680"
            }
        ],
        "wp:term": [
            {
                "taxonomy": "category",
                "embeddable": true,
                "href": "https:\/\/visitoulufi-2025-10-14_10_27_17.test.cchosting.fi\/fi\/wp-json\/wp\/v2\/categories?post=11680"
            },
            {
                "taxonomy": "post_tag",
                "embeddable": true,
                "href": "https:\/\/visitoulufi-2025-10-14_10_27_17.test.cchosting.fi\/fi\/wp-json\/wp\/v2\/tags?post=11680"
            },
            {
                "taxonomy": "author",
                "embeddable": true,
                "href": "https:\/\/visitoulufi-2025-10-14_10_27_17.test.cchosting.fi\/fi\/wp-json\/wp\/v2\/coauthors?post=11680"
            }
        ],
        "curies": [
            {
                "name": "wp",
                "href": "https:\/\/api.w.org\/{rel}",
                "templated": true
            }
        ]
    }
}